{"id":731,"date":"2025-04-25T09:00:07","date_gmt":"2025-04-25T09:00:07","guid":{"rendered":"https:\/\/xn--avanacentreintegral-8xb.com\/blog\/avanca-centre-integral-la-nueva-referencia-en-salud-integral\/"},"modified":"2025-04-25T09:00:07","modified_gmt":"2025-04-25T09:00:07","slug":"avanca-centre-integral-la-nueva-referencia-en-salud-integral","status":"publish","type":"post","link":"https:\/\/xn--avanacentreintegral-8xb.com\/es\/blog\/avanca-centre-integral-la-nueva-referencia-en-salud-integral\/","title":{"rendered":"Avan\u00e7a Centre Integral, la nueva referencia en salud integral"},"content":{"rendered":"\n<h2 class=\"wp-block-heading\"><span class=\"ez-toc-section\" id=\"Descubre_como_Avanca_Centre_Integral_se_posiciona_como_lider_en_servicios_de_salud\"><\/span>Descubre c\u00f3mo Avan\u00e7a Centre Integral se posiciona como l\u00edder en servicios de salud.<span class=\"ez-toc-section-end\"><\/span><\/h2>\n\n\n\n<div class=\"destacado-post\">En Avan\u00e7a Centre Integral ofrecemos atenci\u00f3n especializada para tu bienestar.<\/div>\n\n\n\n<p>Nuestro enfoque personalizado nos distingue en la prestaci\u00f3n de servicios de salud.<\/p>\n\n\n\n<div class=\"wp-block-group is-layout-constrained wp-block-group-is-layout-constrained\">\n<p>Contamos con un equipo de profesionales altamente cualificados y dedicados.<\/p>\n\n\n\n<figure class=\"wp-block-image size-full is-resized\"><img decoding=\"async\" src=\"https:\/\/xn--avanacentreintegral-8xb.com\/wp-content\/uploads\/2025\/04\/Leonardo_Vision_XL_Imagen_de_un_moderno_centro_de_salud_integr_0.jpg\" alt=\"\" class=\"wp-image-1097\" style=\"width:839px;height:auto\" \/><figcaption class=\"wp-element-caption\">Etiqueta: Landscape photography requires patience and persistence<\/figcaption><\/figure>\n\n\n\n<h3 class=\"wp-block-heading\">Innovaci\u00f3n y tecnolog\u00eda al servicio de la salud en Avan\u00e7a Centre Integral.<\/h3>\n\n\n\n<p>Incorporamos tecnolog\u00edas avanzadas para mejorar la atenci\u00f3n personalizada.<\/p>\n\n\n\n<p>Nuestras instalaciones est\u00e1n dise\u00f1adas para ofrecer el m\u00e1ximo confort al paciente.<\/p>\n\n\n\n<blockquote class=\"wp-block-quote is-layout-flow wp-block-quote-is-layout-flow\">\n<p>Compromiso con la calidad.<\/p>\n<\/blockquote>\n\n\n\n<blockquote class=\"wp-block-quote is-layout-flow wp-block-quote-is-layout-flow\">\n<p>Cada paciente recibe un plan de tratamiento adaptado a sus necesidades espec\u00edficas.<\/p>\n<cite>Promovemos h\u00e1bitos de vida saludables a trav\u00e9s de programas de educaci\u00f3n.<\/cite><\/blockquote>\n\n\n\n<p>Conf\u00eda en Avan\u00e7a Centre Integral para cuidar de tu salud de manera integral.<\/p>\n<\/div>\n\n\n\n<h2 class=\"wp-block-heading\"><span class=\"ez-toc-section\" id=\"Formacion_continua_en_Avanca_Centre_Integral_excelencia_garantizada\"><\/span>Formaci\u00f3n continua en Avan\u00e7a Centre Integral: excelencia garantizada.<span class=\"ez-toc-section-end\"><\/span><\/h2>\n\n\n\n<p>Nuestros profesionales se actualizan constantemente para brindar atenci\u00f3n de calidad.<\/p>\n\n\n\n<p>Participamos en programas de formaci\u00f3n avanzada en salud integral.<\/p>\n","protected":false},"excerpt":{"rendered":"<p>Descubre c\u00f3mo Avan\u00e7a Centre Integral se posiciona como l\u00edder en servicios de salud. Nuestro enfoque personalizado nos distingue en la prestaci\u00f3n de servicios de salud. Contamos con un equipo de profesionales altamente cualificados y dedicados. Innovaci\u00f3n y tecnolog\u00eda al servicio de la salud en Avan\u00e7a Centre Integral. Incorporamos tecnolog\u00edas avanzadas para mejorar la atenci\u00f3n personalizada. &hellip; <a href=\"https:\/\/xn--avanacentreintegral-8xb.com\/es\/blog\/avanca-centre-integral-la-nueva-referencia-en-salud-integral\/\">Continuado<\/a><\/p>\n","protected":false},"author":2,"featured_media":732,"comment_status":"open","ping_status":"open","sticky":false,"template":"","format":"standard","meta":{"_acf_changed":false,"iawp_total_views":0,"footnotes":""},"categories":[35],"tags":[48,47,41],"class_list":["post-731","post","type-post","status-publish","format-standard","has-post-thumbnail","hentry","category-bienestar","tag-atencion","tag-integral","tag-salud"],"acf":[],"yoast_head":"<!-- This site is optimized with the Yoast SEO plugin v27.5 - https:\/\/yoast.com\/product\/yoast-seo-wordpress\/ -->\n<title>Avan\u00e7a Centre Integral, la nueva referencia en salud integral - Avan\u00e7a Centre integral<\/title>\n<meta name=\"robots\" content=\"index, follow, max-snippet:-1, max-image-preview:large, max-video-preview:-1\" \/>\n<link rel=\"canonical\" href=\"https:\/\/xn--avanacentreintegral-8xb.com\/es\/blog\/avanca-centre-integral-la-nueva-referencia-en-salud-integral\/\" \/>\n<meta property=\"og:locale\" content=\"es_ES\" \/>\n<meta property=\"og:type\" content=\"article\" \/>\n<meta property=\"og:title\" content=\"Avan\u00e7a Centre Integral, la nueva referencia en salud integral - Avan\u00e7a Centre integral\" \/>\n<meta property=\"og:description\" content=\"Descubre c\u00f3mo Avan\u00e7a Centre Integral se posiciona como l\u00edder en servicios de salud. Nuestro enfoque personalizado nos distingue en la prestaci\u00f3n de servicios de salud. Contamos con un equipo de profesionales altamente cualificados y dedicados. Innovaci\u00f3n y tecnolog\u00eda al servicio de la salud en Avan\u00e7a Centre Integral. Incorporamos tecnolog\u00edas avanzadas para mejorar la atenci\u00f3n personalizada. &hellip; Continuado\" \/>\n<meta property=\"og:url\" content=\"https:\/\/xn--avanacentreintegral-8xb.com\/es\/blog\/avanca-centre-integral-la-nueva-referencia-en-salud-integral\/\" \/>\n<meta property=\"og:site_name\" content=\"Avan\u00e7a Centre integral\" \/>\n<meta property=\"article:published_time\" content=\"2025-04-25T09:00:07+00:00\" \/>\n<meta name=\"author\" content=\"Cliente Apellidos\" \/>\n<meta name=\"twitter:card\" content=\"summary_large_image\" \/>\n<meta name=\"twitter:label1\" content=\"Escrito por\" \/>\n\t<meta name=\"twitter:data1\" content=\"Cliente Apellidos\" \/>\n\t<meta name=\"twitter:label2\" content=\"Tiempo de lectura\" \/>\n\t<meta name=\"twitter:data2\" content=\"1 minuto\" \/>\n<!-- \/ Yoast SEO plugin. -->","yoast_head_json":{"title":"Avan\u00e7a Centre Integral, la nueva referencia en salud integral - Avan\u00e7a Centre integral","robots":{"index":"index","follow":"follow","max-snippet":"max-snippet:-1","max-image-preview":"max-image-preview:large","max-video-preview":"max-video-preview:-1"},"canonical":"https:\/\/xn--avanacentreintegral-8xb.com\/es\/blog\/avanca-centre-integral-la-nueva-referencia-en-salud-integral\/","og_locale":"es_ES","og_type":"article","og_title":"Avan\u00e7a Centre Integral, la nueva referencia en salud integral - Avan\u00e7a Centre integral","og_description":"Descubre c\u00f3mo Avan\u00e7a Centre Integral se posiciona como l\u00edder en servicios de salud. Nuestro enfoque personalizado nos distingue en la prestaci\u00f3n de servicios de salud. Contamos con un equipo de profesionales altamente cualificados y dedicados. Innovaci\u00f3n y tecnolog\u00eda al servicio de la salud en Avan\u00e7a Centre Integral. Incorporamos tecnolog\u00edas avanzadas para mejorar la atenci\u00f3n personalizada. &hellip; Continuado","og_url":"https:\/\/xn--avanacentreintegral-8xb.com\/es\/blog\/avanca-centre-integral-la-nueva-referencia-en-salud-integral\/","og_site_name":"Avan\u00e7a Centre integral","article_published_time":"2025-04-25T09:00:07+00:00","author":"Cliente Apellidos","twitter_card":"summary_large_image","twitter_misc":{"Escrito por":"Cliente Apellidos","Tiempo de lectura":"1 minuto"},"schema":{"@context":"https:\/\/schema.org","@graph":[{"@type":"Article","@id":"https:\/\/xn--avanacentreintegral-8xb.com\/es\/blog\/avanca-centre-integral-la-nueva-referencia-en-salud-integral\/#article","isPartOf":{"@id":"https:\/\/xn--avanacentreintegral-8xb.com\/es\/blog\/avanca-centre-integral-la-nueva-referencia-en-salud-integral\/"},"author":{"name":"Cliente Apellidos","@id":"https:\/\/xn--avanacentreintegral-8xb.com\/es\/#\/schema\/person\/0e1b9d5d16aaa559efbf42443b6b4a6e"},"headline":"Avan\u00e7a Centre Integral, la nueva referencia en salud integral","datePublished":"2025-04-25T09:00:07+00:00","mainEntityOfPage":{"@id":"https:\/\/xn--avanacentreintegral-8xb.com\/es\/blog\/avanca-centre-integral-la-nueva-referencia-en-salud-integral\/"},"wordCount":186,"commentCount":0,"publisher":{"@id":"https:\/\/xn--avanacentreintegral-8xb.com\/es\/#organization"},"image":{"@id":"https:\/\/xn--avanacentreintegral-8xb.com\/es\/blog\/avanca-centre-integral-la-nueva-referencia-en-salud-integral\/#primaryimage"},"thumbnailUrl":"https:\/\/xn--avanacentreintegral-8xb.com\/wp-content\/uploads\/2025\/04\/Leonardo_Vision_XL_Imagen_de_un_moderno_centro_de_salud_integr_0-1.jpg","keywords":["Atenci\u00f3n","Integral","salud"],"articleSection":["Bienestar"],"inLanguage":"es","potentialAction":[{"@type":"CommentAction","name":"Comment","target":["https:\/\/xn--avanacentreintegral-8xb.com\/es\/blog\/avanca-centre-integral-la-nueva-referencia-en-salud-integral\/#respond"]}]},{"@type":"WebPage","@id":"https:\/\/xn--avanacentreintegral-8xb.com\/es\/blog\/avanca-centre-integral-la-nueva-referencia-en-salud-integral\/","url":"https:\/\/xn--avanacentreintegral-8xb.com\/es\/blog\/avanca-centre-integral-la-nueva-referencia-en-salud-integral\/","name":"Avan\u00e7a Centre Integral, la nueva referencia en salud integral - Avan\u00e7a Centre integral","isPartOf":{"@id":"https:\/\/xn--avanacentreintegral-8xb.com\/es\/#website"},"primaryImageOfPage":{"@id":"https:\/\/xn--avanacentreintegral-8xb.com\/es\/blog\/avanca-centre-integral-la-nueva-referencia-en-salud-integral\/#primaryimage"},"image":{"@id":"https:\/\/xn--avanacentreintegral-8xb.com\/es\/blog\/avanca-centre-integral-la-nueva-referencia-en-salud-integral\/#primaryimage"},"thumbnailUrl":"https:\/\/xn--avanacentreintegral-8xb.com\/wp-content\/uploads\/2025\/04\/Leonardo_Vision_XL_Imagen_de_un_moderno_centro_de_salud_integr_0-1.jpg","datePublished":"2025-04-25T09:00:07+00:00","breadcrumb":{"@id":"https:\/\/xn--avanacentreintegral-8xb.com\/es\/blog\/avanca-centre-integral-la-nueva-referencia-en-salud-integral\/#breadcrumb"},"inLanguage":"es","potentialAction":[{"@type":"ReadAction","target":["https:\/\/xn--avanacentreintegral-8xb.com\/es\/blog\/avanca-centre-integral-la-nueva-referencia-en-salud-integral\/"]}]},{"@type":"ImageObject","inLanguage":"es","@id":"https:\/\/xn--avanacentreintegral-8xb.com\/es\/blog\/avanca-centre-integral-la-nueva-referencia-en-salud-integral\/#primaryimage","url":"https:\/\/xn--avanacentreintegral-8xb.com\/wp-content\/uploads\/2025\/04\/Leonardo_Vision_XL_Imagen_de_un_moderno_centro_de_salud_integr_0-1.jpg","contentUrl":"https:\/\/xn--avanacentreintegral-8xb.com\/wp-content\/uploads\/2025\/04\/Leonardo_Vision_XL_Imagen_de_un_moderno_centro_de_salud_integr_0-1.jpg","width":1792,"height":1456},{"@type":"BreadcrumbList","@id":"https:\/\/xn--avanacentreintegral-8xb.com\/es\/blog\/avanca-centre-integral-la-nueva-referencia-en-salud-integral\/#breadcrumb","itemListElement":[{"@type":"ListItem","position":1,"name":"Portada","item":"https:\/\/xn--avanacentreintegral-8xb.com\/es\/"},{"@type":"ListItem","position":2,"name":"Avan\u00e7a Centre Integral, la nueva referencia en salud integral"}]},{"@type":"WebSite","@id":"https:\/\/xn--avanacentreintegral-8xb.com\/es\/#website","url":"https:\/\/xn--avanacentreintegral-8xb.com\/es\/","name":"Avan\u00e7a Centre integral","description":"","publisher":{"@id":"https:\/\/xn--avanacentreintegral-8xb.com\/es\/#organization"},"potentialAction":[{"@type":"SearchAction","target":{"@type":"EntryPoint","urlTemplate":"https:\/\/xn--avanacentreintegral-8xb.com\/es\/?s={search_term_string}"},"query-input":{"@type":"PropertyValueSpecification","valueRequired":true,"valueName":"search_term_string"}}],"inLanguage":"es"},{"@type":"Organization","@id":"https:\/\/xn--avanacentreintegral-8xb.com\/es\/#organization","name":"Avan\u00e7a Centre integral","url":"https:\/\/xn--avanacentreintegral-8xb.com\/es\/","logo":{"@type":"ImageObject","inLanguage":"es","@id":"https:\/\/xn--avanacentreintegral-8xb.com\/es\/#\/schema\/logo\/image\/","url":"https:\/\/xn--avanacentreintegral-8xb.com\/wp-content\/uploads\/2024\/08\/66d33bb52e526_AVANCA_LOGO_VERD.png","contentUrl":"https:\/\/xn--avanacentreintegral-8xb.com\/wp-content\/uploads\/2024\/08\/66d33bb52e526_AVANCA_LOGO_VERD.png","width":2119,"height":1065,"caption":"Avan\u00e7a Centre integral "},"image":{"@id":"https:\/\/xn--avanacentreintegral-8xb.com\/es\/#\/schema\/logo\/image\/"}},{"@type":"Person","@id":"https:\/\/xn--avanacentreintegral-8xb.com\/es\/#\/schema\/person\/0e1b9d5d16aaa559efbf42443b6b4a6e","name":"Cliente Apellidos","image":{"@type":"ImageObject","inLanguage":"es","@id":"https:\/\/secure.gravatar.com\/avatar\/e64d20f1ecbe9b51ca5577ff69d579e363a51e792acb508a23fdc16e74bc7988?s=96&d=mm&r=g","url":"https:\/\/secure.gravatar.com\/avatar\/e64d20f1ecbe9b51ca5577ff69d579e363a51e792acb508a23fdc16e74bc7988?s=96&d=mm&r=g","contentUrl":"https:\/\/secure.gravatar.com\/avatar\/e64d20f1ecbe9b51ca5577ff69d579e363a51e792acb508a23fdc16e74bc7988?s=96&d=mm&r=g","caption":"Cliente Apellidos"},"url":"https:\/\/xn--avanacentreintegral-8xb.com\/es\/blog\/author\/cliente\/"}]}},"_links":{"self":[{"href":"https:\/\/xn--avanacentreintegral-8xb.com\/es\/wp-json\/wp\/v2\/posts\/731","targetHints":{"allow":["GET"]}}],"collection":[{"href":"https:\/\/xn--avanacentreintegral-8xb.com\/es\/wp-json\/wp\/v2\/posts"}],"about":[{"href":"https:\/\/xn--avanacentreintegral-8xb.com\/es\/wp-json\/wp\/v2\/types\/post"}],"author":[{"embeddable":true,"href":"https:\/\/xn--avanacentreintegral-8xb.com\/es\/wp-json\/wp\/v2\/users\/2"}],"replies":[{"embeddable":true,"href":"https:\/\/xn--avanacentreintegral-8xb.com\/es\/wp-json\/wp\/v2\/comments?post=731"}],"version-history":[{"count":0,"href":"https:\/\/xn--avanacentreintegral-8xb.com\/es\/wp-json\/wp\/v2\/posts\/731\/revisions"}],"wp:featuredmedia":[{"embeddable":true,"href":"https:\/\/xn--avanacentreintegral-8xb.com\/es\/wp-json\/wp\/v2\/media\/732"}],"wp:attachment":[{"href":"https:\/\/xn--avanacentreintegral-8xb.com\/es\/wp-json\/wp\/v2\/media?parent=731"}],"wp:term":[{"taxonomy":"category","embeddable":true,"href":"https:\/\/xn--avanacentreintegral-8xb.com\/es\/wp-json\/wp\/v2\/categories?post=731"},{"taxonomy":"post_tag","embeddable":true,"href":"https:\/\/xn--avanacentreintegral-8xb.com\/es\/wp-json\/wp\/v2\/tags?post=731"}],"curies":[{"name":"wp","href":"https:\/\/api.w.org\/{rel}","templated":true}]}}