{"id":724,"date":"2025-04-25T08:59:06","date_gmt":"2025-04-25T08:59:06","guid":{"rendered":"https:\/\/xn--avanacentreintegral-8xb.com\/blog\/avanca-centre-integral-refuerza-su-presencia-en-el-sector-salud\/"},"modified":"2025-04-25T08:59:06","modified_gmt":"2025-04-25T08:59:06","slug":"avanca-centre-integral-refuerza-su-presencia-en-el-sector-salud","status":"publish","type":"post","link":"https:\/\/xn--avanacentreintegral-8xb.com\/es\/blog\/avanca-centre-integral-refuerza-su-presencia-en-el-sector-salud\/","title":{"rendered":"Avan\u00e7a Centre Integral Refuerza su Presencia en el Sector Salud"},"content":{"rendered":"\n<h2 class=\"wp-block-heading\"><span class=\"ez-toc-section\" id=\"Explora_como_Avanca_Centre_Integral_se_posiciona_como_lider_en_servicios_de_salud_integrales\"><\/span>Explora c\u00f3mo Avan\u00e7a Centre Integral se posiciona como l\u00edder en servicios de salud integrales.<span class=\"ez-toc-section-end\"><\/span><\/h2>\n\n\n\n<div class=\"destacado-post\">Avan\u00e7a Centre Integral: Innovaci\u00f3n y profesionalismo en servicios de salud.<\/div>\n\n\n\n<p>La clave para el \u00e9xito de Avan\u00e7a Centre Integral radica en su enfoque integral y personalizado.<\/p>\n\n\n\n<div class=\"wp-block-group is-layout-constrained wp-block-group-is-layout-constrained\">\n<p>El centro ofrece una amplia gama de servicios que abarcan distintas especialidades m\u00e9dicas.<\/p>\n\n\n\n<figure class=\"wp-block-image size-full is-resized\"><img decoding=\"async\" src=\"https:\/\/xn--avanacentreintegral-8xb.com\/wp-content\/uploads\/2025\/04\/Leonardo_Vision_XL_Crea_una_imagen_que_muestre_un_entorno_mode_0.jpg\" alt=\"\" class=\"wp-image-1097\" style=\"width:839px;height:auto\" \/><figcaption class=\"wp-element-caption\">Etiqueta: Landscape photography requires patience and persistence<\/figcaption><\/figure>\n\n\n\n<h3 class=\"wp-block-heading\">Compromiso con el bienestar del paciente<\/h3>\n\n\n\n<p>Avan\u00e7a Centre Integral se centra en el cuidado del paciente a trav\u00e9s de un equipo profesional dedicado.<\/p>\n\n\n\n<p>La satisfacci\u00f3n y el bienestar del paciente son prioridades fundamentales para la empresa.<\/p>\n\n\n\n<blockquote class=\"wp-block-quote is-layout-flow wp-block-quote-is-layout-flow\">\n<p>Avan\u00e7a marca la diferencia.<\/p>\n<\/blockquote>\n\n\n\n<blockquote class=\"wp-block-quote is-layout-flow wp-block-quote-is-layout-flow\">\n<p>La innovaci\u00f3n en tratamientos y tecnolog\u00edas es una caracter\u00edstica destacada del centro.<\/p>\n<cite>Las instalaciones modernas y el personal cualificado aseguran un servicio de alta calidad.<\/cite><\/blockquote>\n\n\n\n<p>Avan\u00e7a Centre Integral contin\u00faa expandiendo sus servicios para cubrir m\u00e1s necesidades del paciente.<\/p>\n<\/div>\n\n\n\n<h2 class=\"wp-block-heading\"><span class=\"ez-toc-section\" id=\"Vision_hacia_el_futuro_del_sector_salud\"><\/span>Visi\u00f3n hacia el futuro del sector salud<span class=\"ez-toc-section-end\"><\/span><\/h2>\n\n\n\n<p>Con miras a un futuro prometedor, Avan\u00e7a sigue invirtiendo en su infraestructura y personal.<\/p>\n\n\n\n<p>El centro busca adaptarse y liderar los cambios en el din\u00e1mico sector de la salud.<\/p>\n","protected":false},"excerpt":{"rendered":"<p>Explora c\u00f3mo Avan\u00e7a Centre Integral se posiciona como l\u00edder en servicios de salud integrales. La clave para el \u00e9xito de Avan\u00e7a Centre Integral radica en su enfoque integral y personalizado. El centro ofrece una amplia gama de servicios que abarcan distintas especialidades m\u00e9dicas. Compromiso con el bienestar del paciente Avan\u00e7a Centre Integral se centra en &hellip; <a href=\"https:\/\/xn--avanacentreintegral-8xb.com\/es\/blog\/avanca-centre-integral-refuerza-su-presencia-en-el-sector-salud\/\">Continuado<\/a><\/p>\n","protected":false},"author":2,"featured_media":725,"comment_status":"open","ping_status":"open","sticky":false,"template":"","format":"standard","meta":{"_acf_changed":false,"iawp_total_views":0,"footnotes":""},"categories":[45],"tags":[39,46,41],"class_list":["post-724","post","type-post","status-publish","format-standard","has-post-thumbnail","hentry","category-servicios-medicos","tag-innovacion","tag-profesionalismo","tag-salud"],"acf":[],"yoast_head":"<!-- This site is optimized with the Yoast SEO plugin v27.5 - https:\/\/yoast.com\/product\/yoast-seo-wordpress\/ -->\n<title>Avan\u00e7a Centre Integral Refuerza su Presencia en el Sector Salud - Avan\u00e7a Centre integral<\/title>\n<meta name=\"robots\" content=\"index, follow, max-snippet:-1, max-image-preview:large, max-video-preview:-1\" \/>\n<link rel=\"canonical\" href=\"https:\/\/xn--avanacentreintegral-8xb.com\/es\/blog\/avanca-centre-integral-refuerza-su-presencia-en-el-sector-salud\/\" \/>\n<meta property=\"og:locale\" content=\"es_ES\" \/>\n<meta property=\"og:type\" content=\"article\" \/>\n<meta property=\"og:title\" content=\"Avan\u00e7a Centre Integral Refuerza su Presencia en el Sector Salud - Avan\u00e7a Centre integral\" \/>\n<meta property=\"og:description\" content=\"Explora c\u00f3mo Avan\u00e7a Centre Integral se posiciona como l\u00edder en servicios de salud integrales. La clave para el \u00e9xito de Avan\u00e7a Centre Integral radica en su enfoque integral y personalizado. El centro ofrece una amplia gama de servicios que abarcan distintas especialidades m\u00e9dicas. Compromiso con el bienestar del paciente Avan\u00e7a Centre Integral se centra en &hellip; Continuado\" \/>\n<meta property=\"og:url\" content=\"https:\/\/xn--avanacentreintegral-8xb.com\/es\/blog\/avanca-centre-integral-refuerza-su-presencia-en-el-sector-salud\/\" \/>\n<meta property=\"og:site_name\" content=\"Avan\u00e7a Centre integral\" \/>\n<meta property=\"article:published_time\" content=\"2025-04-25T08:59:06+00:00\" \/>\n<meta name=\"author\" content=\"Cliente Apellidos\" \/>\n<meta name=\"twitter:card\" content=\"summary_large_image\" \/>\n<meta name=\"twitter:label1\" content=\"Escrito por\" \/>\n\t<meta name=\"twitter:data1\" content=\"Cliente Apellidos\" \/>\n\t<meta name=\"twitter:label2\" content=\"Tiempo de lectura\" \/>\n\t<meta name=\"twitter:data2\" content=\"1 minuto\" \/>\n<!-- \/ Yoast SEO plugin. -->","yoast_head_json":{"title":"Avan\u00e7a Centre Integral Refuerza su Presencia en el Sector Salud - Avan\u00e7a Centre integral","robots":{"index":"index","follow":"follow","max-snippet":"max-snippet:-1","max-image-preview":"max-image-preview:large","max-video-preview":"max-video-preview:-1"},"canonical":"https:\/\/xn--avanacentreintegral-8xb.com\/es\/blog\/avanca-centre-integral-refuerza-su-presencia-en-el-sector-salud\/","og_locale":"es_ES","og_type":"article","og_title":"Avan\u00e7a Centre Integral Refuerza su Presencia en el Sector Salud - Avan\u00e7a Centre integral","og_description":"Explora c\u00f3mo Avan\u00e7a Centre Integral se posiciona como l\u00edder en servicios de salud integrales. La clave para el \u00e9xito de Avan\u00e7a Centre Integral radica en su enfoque integral y personalizado. El centro ofrece una amplia gama de servicios que abarcan distintas especialidades m\u00e9dicas. Compromiso con el bienestar del paciente Avan\u00e7a Centre Integral se centra en &hellip; Continuado","og_url":"https:\/\/xn--avanacentreintegral-8xb.com\/es\/blog\/avanca-centre-integral-refuerza-su-presencia-en-el-sector-salud\/","og_site_name":"Avan\u00e7a Centre integral","article_published_time":"2025-04-25T08:59:06+00:00","author":"Cliente Apellidos","twitter_card":"summary_large_image","twitter_misc":{"Escrito por":"Cliente Apellidos","Tiempo de lectura":"1 minuto"},"schema":{"@context":"https:\/\/schema.org","@graph":[{"@type":"Article","@id":"https:\/\/xn--avanacentreintegral-8xb.com\/es\/blog\/avanca-centre-integral-refuerza-su-presencia-en-el-sector-salud\/#article","isPartOf":{"@id":"https:\/\/xn--avanacentreintegral-8xb.com\/es\/blog\/avanca-centre-integral-refuerza-su-presencia-en-el-sector-salud\/"},"author":{"name":"Cliente Apellidos","@id":"https:\/\/xn--avanacentreintegral-8xb.com\/es\/#\/schema\/person\/0e1b9d5d16aaa559efbf42443b6b4a6e"},"headline":"Avan\u00e7a Centre Integral Refuerza su Presencia en el Sector Salud","datePublished":"2025-04-25T08:59:06+00:00","mainEntityOfPage":{"@id":"https:\/\/xn--avanacentreintegral-8xb.com\/es\/blog\/avanca-centre-integral-refuerza-su-presencia-en-el-sector-salud\/"},"wordCount":207,"commentCount":0,"publisher":{"@id":"https:\/\/xn--avanacentreintegral-8xb.com\/es\/#organization"},"image":{"@id":"https:\/\/xn--avanacentreintegral-8xb.com\/es\/blog\/avanca-centre-integral-refuerza-su-presencia-en-el-sector-salud\/#primaryimage"},"thumbnailUrl":"https:\/\/xn--avanacentreintegral-8xb.com\/wp-content\/uploads\/2025\/04\/Leonardo_Vision_XL_Crea_una_imagen_que_muestre_un_entorno_mode_0-1.jpg","keywords":["innovaci\u00f3n","profesionalismo","salud"],"articleSection":["Servicios M\u00e9dicos"],"inLanguage":"es","potentialAction":[{"@type":"CommentAction","name":"Comment","target":["https:\/\/xn--avanacentreintegral-8xb.com\/es\/blog\/avanca-centre-integral-refuerza-su-presencia-en-el-sector-salud\/#respond"]}]},{"@type":"WebPage","@id":"https:\/\/xn--avanacentreintegral-8xb.com\/es\/blog\/avanca-centre-integral-refuerza-su-presencia-en-el-sector-salud\/","url":"https:\/\/xn--avanacentreintegral-8xb.com\/es\/blog\/avanca-centre-integral-refuerza-su-presencia-en-el-sector-salud\/","name":"Avan\u00e7a Centre Integral Refuerza su Presencia en el Sector Salud - Avan\u00e7a Centre integral","isPartOf":{"@id":"https:\/\/xn--avanacentreintegral-8xb.com\/es\/#website"},"primaryImageOfPage":{"@id":"https:\/\/xn--avanacentreintegral-8xb.com\/es\/blog\/avanca-centre-integral-refuerza-su-presencia-en-el-sector-salud\/#primaryimage"},"image":{"@id":"https:\/\/xn--avanacentreintegral-8xb.com\/es\/blog\/avanca-centre-integral-refuerza-su-presencia-en-el-sector-salud\/#primaryimage"},"thumbnailUrl":"https:\/\/xn--avanacentreintegral-8xb.com\/wp-content\/uploads\/2025\/04\/Leonardo_Vision_XL_Crea_una_imagen_que_muestre_un_entorno_mode_0-1.jpg","datePublished":"2025-04-25T08:59:06+00:00","breadcrumb":{"@id":"https:\/\/xn--avanacentreintegral-8xb.com\/es\/blog\/avanca-centre-integral-refuerza-su-presencia-en-el-sector-salud\/#breadcrumb"},"inLanguage":"es","potentialAction":[{"@type":"ReadAction","target":["https:\/\/xn--avanacentreintegral-8xb.com\/es\/blog\/avanca-centre-integral-refuerza-su-presencia-en-el-sector-salud\/"]}]},{"@type":"ImageObject","inLanguage":"es","@id":"https:\/\/xn--avanacentreintegral-8xb.com\/es\/blog\/avanca-centre-integral-refuerza-su-presencia-en-el-sector-salud\/#primaryimage","url":"https:\/\/xn--avanacentreintegral-8xb.com\/wp-content\/uploads\/2025\/04\/Leonardo_Vision_XL_Crea_una_imagen_que_muestre_un_entorno_mode_0-1.jpg","contentUrl":"https:\/\/xn--avanacentreintegral-8xb.com\/wp-content\/uploads\/2025\/04\/Leonardo_Vision_XL_Crea_una_imagen_que_muestre_un_entorno_mode_0-1.jpg","width":1792,"height":1456},{"@type":"BreadcrumbList","@id":"https:\/\/xn--avanacentreintegral-8xb.com\/es\/blog\/avanca-centre-integral-refuerza-su-presencia-en-el-sector-salud\/#breadcrumb","itemListElement":[{"@type":"ListItem","position":1,"name":"Portada","item":"https:\/\/xn--avanacentreintegral-8xb.com\/es\/"},{"@type":"ListItem","position":2,"name":"Avan\u00e7a Centre Integral Refuerza su Presencia en el Sector Salud"}]},{"@type":"WebSite","@id":"https:\/\/xn--avanacentreintegral-8xb.com\/es\/#website","url":"https:\/\/xn--avanacentreintegral-8xb.com\/es\/","name":"Avan\u00e7a Centre integral","description":"","publisher":{"@id":"https:\/\/xn--avanacentreintegral-8xb.com\/es\/#organization"},"potentialAction":[{"@type":"SearchAction","target":{"@type":"EntryPoint","urlTemplate":"https:\/\/xn--avanacentreintegral-8xb.com\/es\/?s={search_term_string}"},"query-input":{"@type":"PropertyValueSpecification","valueRequired":true,"valueName":"search_term_string"}}],"inLanguage":"es"},{"@type":"Organization","@id":"https:\/\/xn--avanacentreintegral-8xb.com\/es\/#organization","name":"Avan\u00e7a Centre integral","url":"https:\/\/xn--avanacentreintegral-8xb.com\/es\/","logo":{"@type":"ImageObject","inLanguage":"es","@id":"https:\/\/xn--avanacentreintegral-8xb.com\/es\/#\/schema\/logo\/image\/","url":"https:\/\/xn--avanacentreintegral-8xb.com\/wp-content\/uploads\/2024\/08\/66d33bb52e526_AVANCA_LOGO_VERD.png","contentUrl":"https:\/\/xn--avanacentreintegral-8xb.com\/wp-content\/uploads\/2024\/08\/66d33bb52e526_AVANCA_LOGO_VERD.png","width":2119,"height":1065,"caption":"Avan\u00e7a Centre integral "},"image":{"@id":"https:\/\/xn--avanacentreintegral-8xb.com\/es\/#\/schema\/logo\/image\/"}},{"@type":"Person","@id":"https:\/\/xn--avanacentreintegral-8xb.com\/es\/#\/schema\/person\/0e1b9d5d16aaa559efbf42443b6b4a6e","name":"Cliente Apellidos","image":{"@type":"ImageObject","inLanguage":"es","@id":"https:\/\/secure.gravatar.com\/avatar\/e64d20f1ecbe9b51ca5577ff69d579e363a51e792acb508a23fdc16e74bc7988?s=96&d=mm&r=g","url":"https:\/\/secure.gravatar.com\/avatar\/e64d20f1ecbe9b51ca5577ff69d579e363a51e792acb508a23fdc16e74bc7988?s=96&d=mm&r=g","contentUrl":"https:\/\/secure.gravatar.com\/avatar\/e64d20f1ecbe9b51ca5577ff69d579e363a51e792acb508a23fdc16e74bc7988?s=96&d=mm&r=g","caption":"Cliente Apellidos"},"url":"https:\/\/xn--avanacentreintegral-8xb.com\/es\/blog\/author\/cliente\/"}]}},"_links":{"self":[{"href":"https:\/\/xn--avanacentreintegral-8xb.com\/es\/wp-json\/wp\/v2\/posts\/724","targetHints":{"allow":["GET"]}}],"collection":[{"href":"https:\/\/xn--avanacentreintegral-8xb.com\/es\/wp-json\/wp\/v2\/posts"}],"about":[{"href":"https:\/\/xn--avanacentreintegral-8xb.com\/es\/wp-json\/wp\/v2\/types\/post"}],"author":[{"embeddable":true,"href":"https:\/\/xn--avanacentreintegral-8xb.com\/es\/wp-json\/wp\/v2\/users\/2"}],"replies":[{"embeddable":true,"href":"https:\/\/xn--avanacentreintegral-8xb.com\/es\/wp-json\/wp\/v2\/comments?post=724"}],"version-history":[{"count":0,"href":"https:\/\/xn--avanacentreintegral-8xb.com\/es\/wp-json\/wp\/v2\/posts\/724\/revisions"}],"wp:featuredmedia":[{"embeddable":true,"href":"https:\/\/xn--avanacentreintegral-8xb.com\/es\/wp-json\/wp\/v2\/media\/725"}],"wp:attachment":[{"href":"https:\/\/xn--avanacentreintegral-8xb.com\/es\/wp-json\/wp\/v2\/media?parent=724"}],"wp:term":[{"taxonomy":"category","embeddable":true,"href":"https:\/\/xn--avanacentreintegral-8xb.com\/es\/wp-json\/wp\/v2\/categories?post=724"},{"taxonomy":"post_tag","embeddable":true,"href":"https:\/\/xn--avanacentreintegral-8xb.com\/es\/wp-json\/wp\/v2\/tags?post=724"}],"curies":[{"name":"wp","href":"https:\/\/api.w.org\/{rel}","templated":true}]}}